{"id":12955,"date":"2022-03-01T16:47:27","date_gmt":"2022-03-01T16:47:27","guid":{"rendered":"https:\/\/refive.wpengine.com\/?p=12955"},"modified":"2024-09-11T15:16:09","modified_gmt":"2024-09-11T15:16:09","slug":"retail-pro","status":"publish","type":"post","link":"https:\/\/www.refive.io\/de\/blog\/retail-pro\/","title":{"rendered":"Eine Partnerschaft f\u00fcr die digitale Zukunft des Einzelhandels: refive &#038; Retail Pro\u00a0"},"content":{"rendered":"\n<p>Seit \u00fcber 25 Jahren setzen f\u00fchrende internationale Mode- und Kosmetikmarken Retail Pro als ihr bevorzugtes Kassensystem und Retail Management System ein. Refive und Retail Pro sind stolz darauf, heute eine Partnerschaft bekannt zu geben, die den Einzelh\u00e4ndlern von Retail Pro weltweit die Kundenanalyse- und Kundenbindungsfunktionen von Refive zur Verf\u00fcgung stellt.&nbsp;<\/p>\n\n\n\n<p>&#8222;Nach der Pandemie kehren die Kunden in die Gesch\u00e4fte zur\u00fcck und erwarten ein digitalisiertes, personalisiertes und vor allem konsistentes Erlebnis \u00fcber alle Kan\u00e4le hinweg. Einzelh\u00e4ndler erkennen diesen Bedarf und suchen nach L\u00f6sungen, die ein digitales Erlebnis im Gesch\u00e4ft erm\u00f6glichen. Mit Retail Pro arbeiten wir mit einem erfahrenen Partner zusammen, um H\u00e4ndlern diese M\u00f6glichkeiten direkt am POS zu bieten&#8220;, kommentiert Mitul Jain, CEO von refive.&nbsp;<\/p>\n\n\n\n<p>&#8222;Die Herausforderung, vor der Einzelh\u00e4ndler bei der Personalisierung und Synchronisierung von Omnichannel-Erlebnissen stehen, ist der Mangel an Daten \u00fcber die Kunden in den Gesch\u00e4ften. Refive nutzt den smarten Kassenbon, um Kundendaten und Opt-Ins auf reibungslose und GDPR-konforme Weise zu sammeln. Die in der Retail Pro Software erfassten Informationen aus den Transaktionen in den Filialen werden mit den Kundenidentifikations- und Online-Tracking-Daten von refive zusammengef\u00fchrt, um eine 360\u00b0-Sicht auf das Kundenverhalten \u00fcber alle Kan\u00e4le hinweg zu erhalten&#8220;, so Jain. &#8222;Mit diesen Erkenntnissen und den automatisierten, KI-gest\u00fctzten Empfehlungen von refive k\u00f6nnen H\u00e4ndler ihren Kunden nun personalisierte Angebote, Produkte und Mitteilungen zum richtigen Zeitpunkt anbieten und so die Kundenbindung und den Umsatz steigern.&#8220;&nbsp;<\/p>\n\n\n\n<p>&#8222;POS-Daten beinhalten die Antworten auf die Fragen, die sich jeder Einzelh\u00e4ndler stellt: Wie k\u00f6nnen wir unsere Kunden besser ansprechen? Was k\u00f6nnen wir aus den Blindspots lernen, die uns zur\u00fcckhalten? Diese Partnerschaft zwischen Retail Pro und refive hilft Einzelh\u00e4ndlern dabei, Erkenntnisse aus ihren Retail Pro Prism POS-Daten zu gewinnen und Ma\u00dfnahmen zu ergreifen, um Kunden zu ihrem n\u00e4chsten gro\u00dfartigen Einkaufserlebnis mit Ihrer Marke zu bewegen&#8220;, sagt Bevin Manian, Retail Pro International VP EMEAA.<\/p>\n\n\n\n<p>&#8222;Einzelh\u00e4ndler, die eine Omnichannel-Engagement-Strategie aufbauen, werden davon profitieren, dass sie die Einkaufsdaten in ihrem Retail Pro Prism POS in \u00dcbereinstimmung mit den Online-Aktivit\u00e4ten ihrer Kunden auswerten k\u00f6nnen, um besser zu verstehen, wie ihre Kunden ticken &#8211; und ihnen dann mit den intelligenten Empfehlungen der refive-L\u00f6sung das zu geben, was sie wollen.&#8220;<\/p>\n\n\n\n<p><strong>\u00dcber Retail Pro<\/strong><\/p>\n\n\n\n<p>Retail Pro International ist ein weltweit f\u00fchrender Anbieter von Software f\u00fcr das Einzelhandelsmanagement, der f\u00fcr seine umfangreiche Funktionalit\u00e4t, seine multinationalen F\u00e4higkeiten und seine unvergleichliche Flexibilit\u00e4t bekannt ist und von der IHL Group zum besten Kassensystem f\u00fcr den mittelst\u00e4ndischen Einzelhandel ernannt wurde. Seit 35 Jahren entwickelt RPI innovative Softwarel\u00f6sungen f\u00fcr den Einzelhandel, die Einzelh\u00e4ndlern dabei helfen, ihre Gesch\u00e4ftsabl\u00e4ufe zu optimieren und mehr Zeit f\u00fcr das Wesentliche zu haben &#8211; die Kundenbindung zu f\u00f6rdern und von den Trends im Einzelhandel zu profitieren. Heute unterst\u00fctzt die Retail Pro Software Einzelh\u00e4ndler in 130 L\u00e4ndern bei ihrer Unified-Commerce-Strategie mit umfassenden POS-, Nachschub-, Bestands-, Werbe- und Kundenmanagement-Funktionen, die auf allen mobilen und Desktop-Ger\u00e4ten f\u00fcr Android, IOS und Windows verf\u00fcgbar sind.<\/p>\n\n\n\n<p><strong>\u00dcber refive<\/strong><\/p>\n\n\n\n<p>refive ist ein f\u00fchrender Anbieter von reibungsloser In-Store-Kundenanalyse und Kundenbindungssoftware f\u00fcr Omnichannel-H\u00e4ndler. Die KI-gest\u00fctzte Plattform von refive erm\u00f6glicht Einzelh\u00e4ndlern die Identifizierung, Ansprache und Bindung von Kunden in der Filiale \u00fcber smarte digitale Belege und Empfehlungen f\u00fcr Kundenbindungsma\u00dfnahmen. Einzelhandels-, Marketing- und E-Commerce-Teams k\u00f6nnen damit ihre Ums\u00e4tze steigern, indem sie die Omnichannel-Kundenreise besser verstehen, die Kundentreue erh\u00f6hen und die Customer Lifetime Value steigern.<\/p>\n","protected":false},"excerpt":{"rendered":"<p>Seit \u00fcber 25 Jahren setzen f\u00fchrende internationale Mode- und Kosmetikmarken Retail Pro als ihr bevorzugtes Kassensystem und Retail Management System ein. Refive und Retail Pro sind stolz darauf, heute eine Partnerschaft bekannt zu geben, die den Einzelh\u00e4ndlern von Retail Pro weltweit die Kundenanalyse- und Kundenbindungsfunktionen von Refive zur Verf\u00fcgung stellt.&nbsp; &#8222;Nach der Pandemie kehren die [&hellip;]<\/p>\n","protected":false},"author":3,"featured_media":12876,"comment_status":"open","ping_status":"open","sticky":false,"template":"","format":"standard","meta":{"_acf_changed":false,"content-type":"","footnotes":""},"categories":[26],"tags":[],"class_list":["post-12955","post","type-post","status-publish","format-standard","has-post-thumbnail","hentry","category-pressemeldung"],"acf":[],"yoast_head":"<!-- This site is optimized with the Yoast SEO Premium plugin v18.6 (Yoast SEO v26.7) - https:\/\/yoast.com\/wordpress\/plugins\/seo\/ -->\n<title>Eine Partnerschaft f\u00fcr die digitale Zukunft des Einzelhandels: refive &amp; Retail Pro\u00a0 - refive<\/title>\n<meta name=\"description\" content=\"Refive und Retail Pro sind stolz darauf eine Partnerschaft f\u00fcr die digitale Zukunft des Einzelhandels bekanntzugeben\" \/>\n<meta name=\"robots\" content=\"index, follow, max-snippet:-1, max-image-preview:large, max-video-preview:-1\" \/>\n<link rel=\"canonical\" href=\"https:\/\/www.refive.io\/de\/blog\/retail-pro\/\" \/>\n<meta property=\"og:locale\" content=\"de_DE\" \/>\n<meta property=\"og:type\" content=\"article\" \/>\n<meta property=\"og:title\" content=\"Eine Partnerschaft f\u00fcr die digitale Zukunft des Einzelhandels: refive &amp; Retail Pro\u00a0\" \/>\n<meta property=\"og:description\" content=\"Refive und Retail Pro sind stolz darauf eine Partnerschaft f\u00fcr die digitale Zukunft des Einzelhandels bekanntzugeben\" \/>\n<meta property=\"og:url\" content=\"https:\/\/www.refive.io\/de\/blog\/retail-pro\/\" \/>\n<meta property=\"og:site_name\" content=\"refive\" \/>\n<meta property=\"article:publisher\" content=\"https:\/\/www.facebook.com\/refiveio\" \/>\n<meta property=\"article:published_time\" content=\"2022-03-01T16:47:27+00:00\" \/>\n<meta property=\"article:modified_time\" content=\"2024-09-11T15:16:09+00:00\" \/>\n<meta property=\"og:image\" content=\"https:\/\/www.refive.io\/wp-content\/uploads\/2022\/02\/Retail-pro-partner-post.png\" \/>\n\t<meta property=\"og:image:width\" content=\"1980\" \/>\n\t<meta property=\"og:image:height\" content=\"1980\" \/>\n\t<meta property=\"og:image:type\" content=\"image\/png\" \/>\n<meta name=\"author\" content=\"Mitul Jain\" \/>\n<meta name=\"twitter:card\" content=\"summary_large_image\" \/>\n<meta name=\"twitter:creator\" content=\"@refive_io\" \/>\n<meta name=\"twitter:site\" content=\"@refive_io\" \/>\n<meta name=\"twitter:label1\" content=\"Verfasst von\" \/>\n\t<meta name=\"twitter:data1\" content=\"Mitul Jain\" \/>\n\t<meta name=\"twitter:label2\" content=\"Gesch\u00e4tzte Lesezeit\" \/>\n\t<meta name=\"twitter:data2\" content=\"3 Minuten\" \/>\n<script type=\"application\/ld+json\" class=\"yoast-schema-graph\">{\"@context\":\"https:\/\/schema.org\",\"@graph\":[{\"@type\":\"Article\",\"@id\":\"https:\/\/www.refive.io\/de\/blog\/retail-pro\/#article\",\"isPartOf\":{\"@id\":\"https:\/\/www.refive.io\/de\/blog\/retail-pro\/\"},\"author\":{\"name\":\"Mitul Jain\",\"@id\":\"https:\/\/www.refive.io\/de\/#\/schema\/person\/4eaeb215c16509d163276c2f9d781d26\"},\"headline\":\"Eine Partnerschaft f\u00fcr die digitale Zukunft des Einzelhandels: refive &#038; Retail Pro\u00a0\",\"datePublished\":\"2022-03-01T16:47:27+00:00\",\"dateModified\":\"2024-09-11T15:16:09+00:00\",\"mainEntityOfPage\":{\"@id\":\"https:\/\/www.refive.io\/de\/blog\/retail-pro\/\"},\"wordCount\":601,\"commentCount\":0,\"publisher\":{\"@id\":\"https:\/\/www.refive.io\/de\/#organization\"},\"image\":{\"@id\":\"https:\/\/www.refive.io\/de\/blog\/retail-pro\/#primaryimage\"},\"thumbnailUrl\":\"https:\/\/www.refive.io\/wp-content\/uploads\/2022\/02\/Retail-pro-partner-post.png\",\"articleSection\":[\"Pressemeldung\"],\"inLanguage\":\"de-DE\",\"potentialAction\":[{\"@type\":\"CommentAction\",\"name\":\"Comment\",\"target\":[\"https:\/\/www.refive.io\/de\/blog\/retail-pro\/#respond\"]}]},{\"@type\":\"WebPage\",\"@id\":\"https:\/\/www.refive.io\/de\/blog\/retail-pro\/\",\"url\":\"https:\/\/www.refive.io\/de\/blog\/retail-pro\/\",\"name\":\"Eine Partnerschaft f\u00fcr die digitale Zukunft des Einzelhandels: refive & Retail Pro\u00a0 - refive\",\"isPartOf\":{\"@id\":\"https:\/\/www.refive.io\/de\/#website\"},\"primaryImageOfPage\":{\"@id\":\"https:\/\/www.refive.io\/de\/blog\/retail-pro\/#primaryimage\"},\"image\":{\"@id\":\"https:\/\/www.refive.io\/de\/blog\/retail-pro\/#primaryimage\"},\"thumbnailUrl\":\"https:\/\/www.refive.io\/wp-content\/uploads\/2022\/02\/Retail-pro-partner-post.png\",\"datePublished\":\"2022-03-01T16:47:27+00:00\",\"dateModified\":\"2024-09-11T15:16:09+00:00\",\"description\":\"Refive und Retail Pro sind stolz darauf eine Partnerschaft f\u00fcr die digitale Zukunft des Einzelhandels bekanntzugeben\",\"breadcrumb\":{\"@id\":\"https:\/\/www.refive.io\/de\/blog\/retail-pro\/#breadcrumb\"},\"inLanguage\":\"de-DE\",\"potentialAction\":[{\"@type\":\"ReadAction\",\"target\":[\"https:\/\/www.refive.io\/de\/blog\/retail-pro\/\"]}]},{\"@type\":\"ImageObject\",\"inLanguage\":\"de-DE\",\"@id\":\"https:\/\/www.refive.io\/de\/blog\/retail-pro\/#primaryimage\",\"url\":\"https:\/\/www.refive.io\/wp-content\/uploads\/2022\/02\/Retail-pro-partner-post.png\",\"contentUrl\":\"https:\/\/www.refive.io\/wp-content\/uploads\/2022\/02\/Retail-pro-partner-post.png\",\"width\":1980,\"height\":1980},{\"@type\":\"BreadcrumbList\",\"@id\":\"https:\/\/www.refive.io\/de\/blog\/retail-pro\/#breadcrumb\",\"itemListElement\":[{\"@type\":\"ListItem\",\"position\":1,\"name\":\"Home\",\"item\":\"https:\/\/www.refive.io\/de\/\"},{\"@type\":\"ListItem\",\"position\":2,\"name\":\"Eine Partnerschaft f\u00fcr die digitale Zukunft des Einzelhandels: refive &#038; Retail Pro\u00a0\"}]},{\"@type\":\"WebSite\",\"@id\":\"https:\/\/www.refive.io\/de\/#website\",\"url\":\"https:\/\/www.refive.io\/de\/\",\"name\":\"refive\",\"description\":\"\",\"publisher\":{\"@id\":\"https:\/\/www.refive.io\/de\/#organization\"},\"potentialAction\":[{\"@type\":\"SearchAction\",\"target\":{\"@type\":\"EntryPoint\",\"urlTemplate\":\"https:\/\/www.refive.io\/de\/?s={search_term_string}\"},\"query-input\":{\"@type\":\"PropertyValueSpecification\",\"valueRequired\":true,\"valueName\":\"search_term_string\"}}],\"inLanguage\":\"de-DE\"},{\"@type\":\"Organization\",\"@id\":\"https:\/\/www.refive.io\/de\/#organization\",\"name\":\"refive\",\"url\":\"https:\/\/www.refive.io\/de\/\",\"logo\":{\"@type\":\"ImageObject\",\"inLanguage\":\"de-DE\",\"@id\":\"https:\/\/www.refive.io\/de\/#\/schema\/logo\/image\/\",\"url\":\"https:\/\/www.refive.io\/wp-content\/uploads\/2021\/12\/Logo-3-white-on-black-1.png\",\"contentUrl\":\"https:\/\/www.refive.io\/wp-content\/uploads\/2021\/12\/Logo-3-white-on-black-1.png\",\"width\":1980,\"height\":561,\"caption\":\"refive\"},\"image\":{\"@id\":\"https:\/\/www.refive.io\/de\/#\/schema\/logo\/image\/\"},\"sameAs\":[\"https:\/\/www.facebook.com\/refiveio\",\"https:\/\/x.com\/refive_io\",\"https:\/\/www.instagram.com\/refive_io\/\",\"https:\/\/www.linkedin.com\/company\/refiveio\/\",\"https:\/\/www.youtube.com\/channel\/UC5lk97R9a_3wbedoYbAJdxQ\"]},{\"@type\":\"Person\",\"@id\":\"https:\/\/www.refive.io\/de\/#\/schema\/person\/4eaeb215c16509d163276c2f9d781d26\",\"name\":\"Mitul Jain\",\"description\":\"Mitul is an entrepreneur passionate about retail tech. After years of working with AI and data-driven products, he founded Refive to help brick-and-mortar stores thrive in the digital age. refive\u2019s mission is to make shopping smoother for both customers and retailers. How? Smart, easy-to-use tools that connect in-store and online experiences. Having lived and worked in Europe, Asia, and South America, Mitul brings a fresh perspective to retail innovation. He believes technology can make shopping better for everyone. With refive, Mitul is working to make that belief a reality in stores across the globe. In his free time, he enjoys hikes, cooking, travelling and spending time with friends and family.\",\"sameAs\":[\"https:\/\/www.linkedin.com\/in\/mitulkjain\/\"],\"award\":[\"test\"],\"knowsAbout\":[\"test\"],\"jobTitle\":\"Founder & CEO @ refive\",\"worksFor\":\"refive\",\"url\":\"https:\/\/www.refive.io\/de\/blog\/author\/mitul\/\"}]}<\/script>\n<!-- \/ Yoast SEO Premium plugin. -->","yoast_head_json":{"title":"Eine Partnerschaft f\u00fcr die digitale Zukunft des Einzelhandels: refive & Retail Pro\u00a0 - refive","description":"Refive und Retail Pro sind stolz darauf eine Partnerschaft f\u00fcr die digitale Zukunft des Einzelhandels bekanntzugeben","robots":{"index":"index","follow":"follow","max-snippet":"max-snippet:-1","max-image-preview":"max-image-preview:large","max-video-preview":"max-video-preview:-1"},"canonical":"https:\/\/www.refive.io\/de\/blog\/retail-pro\/","og_locale":"de_DE","og_type":"article","og_title":"Eine Partnerschaft f\u00fcr die digitale Zukunft des Einzelhandels: refive & Retail Pro\u00a0","og_description":"Refive und Retail Pro sind stolz darauf eine Partnerschaft f\u00fcr die digitale Zukunft des Einzelhandels bekanntzugeben","og_url":"https:\/\/www.refive.io\/de\/blog\/retail-pro\/","og_site_name":"refive","article_publisher":"https:\/\/www.facebook.com\/refiveio","article_published_time":"2022-03-01T16:47:27+00:00","article_modified_time":"2024-09-11T15:16:09+00:00","og_image":[{"width":1980,"height":1980,"url":"https:\/\/www.refive.io\/wp-content\/uploads\/2022\/02\/Retail-pro-partner-post.png","type":"image\/png"}],"author":"Mitul Jain","twitter_card":"summary_large_image","twitter_creator":"@refive_io","twitter_site":"@refive_io","twitter_misc":{"Verfasst von":"Mitul Jain","Gesch\u00e4tzte Lesezeit":"3 Minuten"},"schema":{"@context":"https:\/\/schema.org","@graph":[{"@type":"Article","@id":"https:\/\/www.refive.io\/de\/blog\/retail-pro\/#article","isPartOf":{"@id":"https:\/\/www.refive.io\/de\/blog\/retail-pro\/"},"author":{"name":"Mitul Jain","@id":"https:\/\/www.refive.io\/de\/#\/schema\/person\/4eaeb215c16509d163276c2f9d781d26"},"headline":"Eine Partnerschaft f\u00fcr die digitale Zukunft des Einzelhandels: refive &#038; Retail Pro\u00a0","datePublished":"2022-03-01T16:47:27+00:00","dateModified":"2024-09-11T15:16:09+00:00","mainEntityOfPage":{"@id":"https:\/\/www.refive.io\/de\/blog\/retail-pro\/"},"wordCount":601,"commentCount":0,"publisher":{"@id":"https:\/\/www.refive.io\/de\/#organization"},"image":{"@id":"https:\/\/www.refive.io\/de\/blog\/retail-pro\/#primaryimage"},"thumbnailUrl":"https:\/\/www.refive.io\/wp-content\/uploads\/2022\/02\/Retail-pro-partner-post.png","articleSection":["Pressemeldung"],"inLanguage":"de-DE","potentialAction":[{"@type":"CommentAction","name":"Comment","target":["https:\/\/www.refive.io\/de\/blog\/retail-pro\/#respond"]}]},{"@type":"WebPage","@id":"https:\/\/www.refive.io\/de\/blog\/retail-pro\/","url":"https:\/\/www.refive.io\/de\/blog\/retail-pro\/","name":"Eine Partnerschaft f\u00fcr die digitale Zukunft des Einzelhandels: refive & Retail Pro\u00a0 - refive","isPartOf":{"@id":"https:\/\/www.refive.io\/de\/#website"},"primaryImageOfPage":{"@id":"https:\/\/www.refive.io\/de\/blog\/retail-pro\/#primaryimage"},"image":{"@id":"https:\/\/www.refive.io\/de\/blog\/retail-pro\/#primaryimage"},"thumbnailUrl":"https:\/\/www.refive.io\/wp-content\/uploads\/2022\/02\/Retail-pro-partner-post.png","datePublished":"2022-03-01T16:47:27+00:00","dateModified":"2024-09-11T15:16:09+00:00","description":"Refive und Retail Pro sind stolz darauf eine Partnerschaft f\u00fcr die digitale Zukunft des Einzelhandels bekanntzugeben","breadcrumb":{"@id":"https:\/\/www.refive.io\/de\/blog\/retail-pro\/#breadcrumb"},"inLanguage":"de-DE","potentialAction":[{"@type":"ReadAction","target":["https:\/\/www.refive.io\/de\/blog\/retail-pro\/"]}]},{"@type":"ImageObject","inLanguage":"de-DE","@id":"https:\/\/www.refive.io\/de\/blog\/retail-pro\/#primaryimage","url":"https:\/\/www.refive.io\/wp-content\/uploads\/2022\/02\/Retail-pro-partner-post.png","contentUrl":"https:\/\/www.refive.io\/wp-content\/uploads\/2022\/02\/Retail-pro-partner-post.png","width":1980,"height":1980},{"@type":"BreadcrumbList","@id":"https:\/\/www.refive.io\/de\/blog\/retail-pro\/#breadcrumb","itemListElement":[{"@type":"ListItem","position":1,"name":"Home","item":"https:\/\/www.refive.io\/de\/"},{"@type":"ListItem","position":2,"name":"Eine Partnerschaft f\u00fcr die digitale Zukunft des Einzelhandels: refive &#038; Retail Pro\u00a0"}]},{"@type":"WebSite","@id":"https:\/\/www.refive.io\/de\/#website","url":"https:\/\/www.refive.io\/de\/","name":"refive","description":"","publisher":{"@id":"https:\/\/www.refive.io\/de\/#organization"},"potentialAction":[{"@type":"SearchAction","target":{"@type":"EntryPoint","urlTemplate":"https:\/\/www.refive.io\/de\/?s={search_term_string}"},"query-input":{"@type":"PropertyValueSpecification","valueRequired":true,"valueName":"search_term_string"}}],"inLanguage":"de-DE"},{"@type":"Organization","@id":"https:\/\/www.refive.io\/de\/#organization","name":"refive","url":"https:\/\/www.refive.io\/de\/","logo":{"@type":"ImageObject","inLanguage":"de-DE","@id":"https:\/\/www.refive.io\/de\/#\/schema\/logo\/image\/","url":"https:\/\/www.refive.io\/wp-content\/uploads\/2021\/12\/Logo-3-white-on-black-1.png","contentUrl":"https:\/\/www.refive.io\/wp-content\/uploads\/2021\/12\/Logo-3-white-on-black-1.png","width":1980,"height":561,"caption":"refive"},"image":{"@id":"https:\/\/www.refive.io\/de\/#\/schema\/logo\/image\/"},"sameAs":["https:\/\/www.facebook.com\/refiveio","https:\/\/x.com\/refive_io","https:\/\/www.instagram.com\/refive_io\/","https:\/\/www.linkedin.com\/company\/refiveio\/","https:\/\/www.youtube.com\/channel\/UC5lk97R9a_3wbedoYbAJdxQ"]},{"@type":"Person","@id":"https:\/\/www.refive.io\/de\/#\/schema\/person\/4eaeb215c16509d163276c2f9d781d26","name":"Mitul Jain","description":"Mitul is an entrepreneur passionate about retail tech. After years of working with AI and data-driven products, he founded Refive to help brick-and-mortar stores thrive in the digital age. refive\u2019s mission is to make shopping smoother for both customers and retailers. How? Smart, easy-to-use tools that connect in-store and online experiences. Having lived and worked in Europe, Asia, and South America, Mitul brings a fresh perspective to retail innovation. He believes technology can make shopping better for everyone. With refive, Mitul is working to make that belief a reality in stores across the globe. In his free time, he enjoys hikes, cooking, travelling and spending time with friends and family.","sameAs":["https:\/\/www.linkedin.com\/in\/mitulkjain\/"],"award":["test"],"knowsAbout":["test"],"jobTitle":"Founder & CEO @ refive","worksFor":"refive","url":"https:\/\/www.refive.io\/de\/blog\/author\/mitul\/"}]}},"_links":{"self":[{"href":"https:\/\/www.refive.io\/de\/wp-json\/wp\/v2\/posts\/12955","targetHints":{"allow":["GET"]}}],"collection":[{"href":"https:\/\/www.refive.io\/de\/wp-json\/wp\/v2\/posts"}],"about":[{"href":"https:\/\/www.refive.io\/de\/wp-json\/wp\/v2\/types\/post"}],"author":[{"embeddable":true,"href":"https:\/\/www.refive.io\/de\/wp-json\/wp\/v2\/users\/3"}],"replies":[{"embeddable":true,"href":"https:\/\/www.refive.io\/de\/wp-json\/wp\/v2\/comments?post=12955"}],"version-history":[{"count":0,"href":"https:\/\/www.refive.io\/de\/wp-json\/wp\/v2\/posts\/12955\/revisions"}],"wp:featuredmedia":[{"embeddable":true,"href":"https:\/\/www.refive.io\/de\/wp-json\/wp\/v2\/media\/12876"}],"wp:attachment":[{"href":"https:\/\/www.refive.io\/de\/wp-json\/wp\/v2\/media?parent=12955"}],"wp:term":[{"taxonomy":"category","embeddable":true,"href":"https:\/\/www.refive.io\/de\/wp-json\/wp\/v2\/categories?post=12955"},{"taxonomy":"post_tag","embeddable":true,"href":"https:\/\/www.refive.io\/de\/wp-json\/wp\/v2\/tags?post=12955"}],"curies":[{"name":"wp","href":"https:\/\/api.w.org\/{rel}","templated":true}]}}